{"id":196,"date":"2023-09-04T04:29:51","date_gmt":"2023-09-04T01:29:51","guid":{"rendered":"https:\/\/www.lahihistoria.fi\/?p=196"},"modified":"2023-12-02T13:25:13","modified_gmt":"2023-12-02T11:25:13","slug":"saamelaisnuoret-ja-historian-lasnaolo","status":"publish","type":"post","link":"https:\/\/www.lahihistoria.fi\/index.php\/2023\/09\/04\/saamelaisnuoret-ja-historian-lasnaolo\/","title":{"rendered":"Saamelaisnuoret ja historian l\u00e4sn\u00e4olo"},"content":{"rendered":"\n<p>Helena Ristaniemen essee k\u00e4sittelee historian merkityksi\u00e4 saamelaistytt\u00f6jen el\u00e4m\u00e4ss\u00e4. Essee pohjautuu h\u00e4nen tuoreeseen v\u00e4it\u00f6skirjaansa (2023) <em>\u201dT\u00e4\u00e4ll\u00e4 on merkityst\u00e4 mihin sukuun synnyt, se vaikuttaa kaikkeen.\u201d Historiatietoisuuden muotoutuminen ja merkitykset Suomen saamelaisalueen tytt\u00f6jen el\u00e4m\u00e4ss<\/em><\/p>\n\n\n\n<div class=\"wp-block-buttons is-layout-flex wp-block-buttons-is-layout-flex\">\n<div class=\"wp-block-button\"><a class=\"wp-block-button__link wp-element-button\" href=\"https:\/\/lahihistoria.journal.fi\/article\/view\/131054\">Lue L\u00e4hihistoriassa<\/a><\/div>\n<\/div>\n","protected":false},"excerpt":{"rendered":"<p>Helena Ristaniemen essee k\u00e4sittelee historian merkityksi\u00e4 saamelaistytt\u00f6jen el\u00e4m\u00e4ss\u00e4. Essee pohjautuu h\u00e4nen tuoreeseen v\u00e4it\u00f6skirjaansa (2023) \u201dT\u00e4\u00e4ll\u00e4 on merkityst\u00e4 mihin sukuun synnyt, se vaikuttaa kaikkeen.\u201d Historiatietoisuuden muotoutuminen ja merkitykset Suomen saamelaisalueen tytt\u00f6jen el\u00e4m\u00e4ss<\/p>\n","protected":false},"author":5,"featured_media":165,"comment_status":"closed","ping_status":"open","sticky":false,"template":"","format":"standard","meta":{"_themeisle_gutenberg_block_has_review":false,"_jetpack_memberships_contains_paid_content":false,"footnotes":"","jetpack_publicize_message":"","jetpack_publicize_feature_enabled":true,"jetpack_social_post_already_shared":false,"jetpack_social_options":{"image_generator_settings":{"template":"highway","default_image_id":0,"font":"","enabled":false},"version":2}},"categories":[23],"tags":[33,34,36,40,35,38,37,39],"class_list":["post-196","post","type-post","status-publish","format-standard","has-post-thumbnail","hentry","category-lahihistoria-artikkelit","tag-historiatietoisuus","tag-kokemuksellisuus","tag-kolonialismi","tag-lahihistoria","tag-materiaalisuus","tag-nuoret","tag-saamelaiset","tag-ymparistosuhde"],"jetpack_publicize_connections":[],"cc_featured_image_caption":{"caption_text":false,"source_text":false,"source_url":false},"jetpack_featured_media_url":"https:\/\/www.lahihistoria.fi\/wp-content\/uploads\/2023\/09\/saami_article_131054_cover_fi_FI.jpg","jetpack_sharing_enabled":true,"_links":{"self":[{"href":"https:\/\/www.lahihistoria.fi\/index.php\/wp-json\/wp\/v2\/posts\/196","targetHints":{"allow":["GET"]}}],"collection":[{"href":"https:\/\/www.lahihistoria.fi\/index.php\/wp-json\/wp\/v2\/posts"}],"about":[{"href":"https:\/\/www.lahihistoria.fi\/index.php\/wp-json\/wp\/v2\/types\/post"}],"author":[{"embeddable":true,"href":"https:\/\/www.lahihistoria.fi\/index.php\/wp-json\/wp\/v2\/users\/5"}],"replies":[{"embeddable":true,"href":"https:\/\/www.lahihistoria.fi\/index.php\/wp-json\/wp\/v2\/comments?post=196"}],"version-history":[{"count":4,"href":"https:\/\/www.lahihistoria.fi\/index.php\/wp-json\/wp\/v2\/posts\/196\/revisions"}],"predecessor-version":[{"id":382,"href":"https:\/\/www.lahihistoria.fi\/index.php\/wp-json\/wp\/v2\/posts\/196\/revisions\/382"}],"wp:featuredmedia":[{"embeddable":true,"href":"https:\/\/www.lahihistoria.fi\/index.php\/wp-json\/wp\/v2\/media\/165"}],"wp:attachment":[{"href":"https:\/\/www.lahihistoria.fi\/index.php\/wp-json\/wp\/v2\/media?parent=196"}],"wp:term":[{"taxonomy":"category","embeddable":true,"href":"https:\/\/www.lahihistoria.fi\/index.php\/wp-json\/wp\/v2\/categories?post=196"},{"taxonomy":"post_tag","embeddable":true,"href":"https:\/\/www.lahihistoria.fi\/index.php\/wp-json\/wp\/v2\/tags?post=196"}],"curies":[{"name":"wp","href":"https:\/\/api.w.org\/{rel}","templated":true}]}}