{"id":200,"date":"2023-09-04T04:03:05","date_gmt":"2023-09-04T01:03:05","guid":{"rendered":"https:\/\/www.lahihistoria.fi\/?p=200"},"modified":"2023-12-02T13:24:45","modified_gmt":"2023-12-02T11:24:45","slug":"veli-pekka-lehtola-saamelaisten-lahihistorian-tutkijana","status":"publish","type":"post","link":"https:\/\/www.lahihistoria.fi\/index.php\/2023\/09\/04\/veli-pekka-lehtola-saamelaisten-lahihistorian-tutkijana\/","title":{"rendered":"Veli-Pekka Lehtola saamelaisten l\u00e4hihistorian tutkijana"},"content":{"rendered":"\n<p>Saamenkulttuurin emeritusprofessori Veli-Pekka Lehtolan tuotanto on sek\u00e4 kattava ett\u00e4 johdonmukainen painottaessaan saamelaisten historiallista toimijuutta ja historioiden moninaisuutta. T\u00e4ss\u00e4 kirjallisuuskatsauksessa tarkastelen h\u00e4nen tapaansa k\u00e4ytt\u00e4\u00e4 teorioita. Yhdistelem\u00e4ll\u00e4 teorioita ja empiriaa kontrolloidusti Lehtola onnistuu v\u00e4ltt\u00e4m\u00e4\u00e4n niille muuten tyypilliset dikotomiat ja ei-historialliset ansat.<\/p>\n\n\n\n<div class=\"wp-block-buttons is-layout-flex wp-block-buttons-is-layout-flex\">\n<div class=\"wp-block-button\"><a class=\"wp-block-button__link wp-element-button\" href=\"https:\/\/lahihistoria.journal.fi\/article\/view\/131055\">Lue L\u00e4hihistoriassa<\/a><\/div>\n<\/div>\n","protected":false},"excerpt":{"rendered":"<p>Saamenkulttuurin emeritusprofessori Veli-Pekka Lehtolan tuotanto on sek\u00e4 kattava ett\u00e4 johdonmukainen painottaessaan saamelaisten historiallista toimijuutta ja historioiden moninaisuutta. T\u00e4ss\u00e4 kirjallisuuskatsauksessa tarkastelen h\u00e4nen tapaansa k\u00e4ytt\u00e4\u00e4 teorioita. Yhdistelem\u00e4ll\u00e4 teorioita ja empiriaa kontrolloidusti Lehtola onnistuu v\u00e4ltt\u00e4m\u00e4\u00e4n niille muuten tyypilliset dikotomiat ja ei-historialliset ansat.<\/p>\n","protected":false},"author":6,"featured_media":166,"comment_status":"closed","ping_status":"open","sticky":false,"template":"","format":"standard","meta":{"_themeisle_gutenberg_block_has_review":false,"_jetpack_memberships_contains_paid_content":false,"footnotes":"","jetpack_publicize_message":"","jetpack_publicize_feature_enabled":true,"jetpack_social_post_already_shared":false,"jetpack_social_options":{"image_generator_settings":{"template":"highway","default_image_id":0,"font":"","enabled":false},"version":2}},"categories":[41],"tags":[45,47,43,40,44,42,48,46],"class_list":["post-200","post","type-post","status-publish","format-standard","has-post-thumbnail","hentry","category-lahihistoria-katsaukset","tag-asuttajakolonialismi","tag-kokemus","tag-kontekstuaalisuus","tag-lahihistoria","tag-postkolonialistinen-teoria","tag-saamenmaa","tag-toimijuus","tag-veli-pekka-lehtola"],"jetpack_publicize_connections":[],"cc_featured_image_caption":{"caption_text":false,"source_text":false,"source_url":false},"jetpack_featured_media_url":"https:\/\/www.lahihistoria.fi\/wp-content\/uploads\/2023\/09\/lehtonen_article_131055_cover_fi_FI.jpg","jetpack_sharing_enabled":true,"_links":{"self":[{"href":"https:\/\/www.lahihistoria.fi\/index.php\/wp-json\/wp\/v2\/posts\/200","targetHints":{"allow":["GET"]}}],"collection":[{"href":"https:\/\/www.lahihistoria.fi\/index.php\/wp-json\/wp\/v2\/posts"}],"about":[{"href":"https:\/\/www.lahihistoria.fi\/index.php\/wp-json\/wp\/v2\/types\/post"}],"author":[{"embeddable":true,"href":"https:\/\/www.lahihistoria.fi\/index.php\/wp-json\/wp\/v2\/users\/6"}],"replies":[{"embeddable":true,"href":"https:\/\/www.lahihistoria.fi\/index.php\/wp-json\/wp\/v2\/comments?post=200"}],"version-history":[{"count":5,"href":"https:\/\/www.lahihistoria.fi\/index.php\/wp-json\/wp\/v2\/posts\/200\/revisions"}],"predecessor-version":[{"id":381,"href":"https:\/\/www.lahihistoria.fi\/index.php\/wp-json\/wp\/v2\/posts\/200\/revisions\/381"}],"wp:featuredmedia":[{"embeddable":true,"href":"https:\/\/www.lahihistoria.fi\/index.php\/wp-json\/wp\/v2\/media\/166"}],"wp:attachment":[{"href":"https:\/\/www.lahihistoria.fi\/index.php\/wp-json\/wp\/v2\/media?parent=200"}],"wp:term":[{"taxonomy":"category","embeddable":true,"href":"https:\/\/www.lahihistoria.fi\/index.php\/wp-json\/wp\/v2\/categories?post=200"},{"taxonomy":"post_tag","embeddable":true,"href":"https:\/\/www.lahihistoria.fi\/index.php\/wp-json\/wp\/v2\/tags?post=200"}],"curies":[{"name":"wp","href":"https:\/\/api.w.org\/{rel}","templated":true}]}}