{"id":567,"date":"2023-09-23T14:21:18","date_gmt":"2023-09-23T11:21:18","guid":{"rendered":"https:\/\/www.lahihistoria.fi\/?p=567"},"modified":"2023-12-04T19:25:19","modified_gmt":"2023-12-04T17:25:19","slug":"miksi-maalaisliitto-vastaanotti-ruplia","status":"publish","type":"post","link":"https:\/\/www.lahihistoria.fi\/index.php\/2023\/09\/23\/miksi-maalaisliitto-vastaanotti-ruplia\/","title":{"rendered":"Miksi Maalaisliitto vastaanotti Ruplia?"},"content":{"rendered":"\n<p>Kirjailija ja filosofian tohtori Lasse Lehtinen tarkastelee esseess\u00e4\u00e4n Maalaisliitto-Keskustan kansainv\u00e4lisi\u00e4 rahoituskuvioita. Lehtisen mukaan it\u00e4-rahoituksen historiaa ja siihen kytkeytyvi\u00e4 toimijoita ja organisaatioita ei ole viel\u00e4 kaikilta osin pengottu.<\/p>\n\n\n\n<div class=\"wp-block-buttons is-layout-flex wp-block-buttons-is-layout-flex\">\n<div class=\"wp-block-button\"><a class=\"wp-block-button__link wp-element-button\" href=\"https:\/\/lahihistoria.journal.fi\/article\/view\/131059\" target=\"_blank\" rel=\"noreferrer noopener\">Lue L\u00e4hihistoriassa<\/a><\/div>\n<\/div>\n","protected":false},"excerpt":{"rendered":"<p>Kirjailija ja filosofian tohtori Lasse Lehtinen tarkastelee esseess\u00e4\u00e4n Maalaisliitto-Keskustan kansainv\u00e4lisi\u00e4 rahoituskuvioita. Lehtisen mukaan it\u00e4-rahoituksen historiaa ja siihen kytkeytyvi\u00e4 toimijoita ja organisaatioita ei ole viel\u00e4 kaikilta osin pengottu.<\/p>\n","protected":false},"author":17,"featured_media":569,"comment_status":"closed","ping_status":"open","sticky":false,"template":"","format":"standard","meta":{"_themeisle_gutenberg_block_has_review":false,"_jetpack_memberships_contains_paid_content":false,"footnotes":"","jetpack_publicize_message":"","jetpack_publicize_feature_enabled":true,"jetpack_social_post_already_shared":false,"jetpack_social_options":{"image_generator_settings":{"template":"highway","default_image_id":0,"font":"","enabled":false},"version":2}},"categories":[32],"tags":[99,95,98,72,96,97],"class_list":["post-567","post","type-post","status-publish","format-standard","has-post-thumbnail","hentry","category-lahihistoria-esseet","tag-arvo-korsimo","tag-maalaisliitto","tag-maaseudun-yhteisvaliokunnan-saatio","tag-neuvostoliitto","tag-suomettuminen","tag-urho-kekkonen"],"jetpack_publicize_connections":[],"cc_featured_image_caption":{"caption_text":"","source_text":"Archives of the Finnish Broadcasting Company Yle, Ruth Tr\u00e4skman, Public domain, l\u00e4hde: Wikimedia Commons","source_url":"https:\/\/commons.wikimedia.org\/wiki\/File:Presidential_candidate_(later_president)_Urho_Kekkonen_speaking_on_the_radio,_1956.jpg"},"jetpack_featured_media_url":"https:\/\/www.lahihistoria.fi\/wp-content\/uploads\/2023\/12\/Presidential_candidate_later_president_Urho_Kekkonen_speaking_on_the_radio_1956.jpg","jetpack_sharing_enabled":true,"_links":{"self":[{"href":"https:\/\/www.lahihistoria.fi\/index.php\/wp-json\/wp\/v2\/posts\/567","targetHints":{"allow":["GET"]}}],"collection":[{"href":"https:\/\/www.lahihistoria.fi\/index.php\/wp-json\/wp\/v2\/posts"}],"about":[{"href":"https:\/\/www.lahihistoria.fi\/index.php\/wp-json\/wp\/v2\/types\/post"}],"author":[{"embeddable":true,"href":"https:\/\/www.lahihistoria.fi\/index.php\/wp-json\/wp\/v2\/users\/17"}],"replies":[{"embeddable":true,"href":"https:\/\/www.lahihistoria.fi\/index.php\/wp-json\/wp\/v2\/comments?post=567"}],"version-history":[{"count":2,"href":"https:\/\/www.lahihistoria.fi\/index.php\/wp-json\/wp\/v2\/posts\/567\/revisions"}],"predecessor-version":[{"id":572,"href":"https:\/\/www.lahihistoria.fi\/index.php\/wp-json\/wp\/v2\/posts\/567\/revisions\/572"}],"wp:featuredmedia":[{"embeddable":true,"href":"https:\/\/www.lahihistoria.fi\/index.php\/wp-json\/wp\/v2\/media\/569"}],"wp:attachment":[{"href":"https:\/\/www.lahihistoria.fi\/index.php\/wp-json\/wp\/v2\/media?parent=567"}],"wp:term":[{"taxonomy":"category","embeddable":true,"href":"https:\/\/www.lahihistoria.fi\/index.php\/wp-json\/wp\/v2\/categories?post=567"},{"taxonomy":"post_tag","embeddable":true,"href":"https:\/\/www.lahihistoria.fi\/index.php\/wp-json\/wp\/v2\/tags?post=567"}],"curies":[{"name":"wp","href":"https:\/\/api.w.org\/{rel}","templated":true}]}}